{"id":607,"date":"2023-11-12T21:09:21","date_gmt":"2023-11-12T20:09:21","guid":{"rendered":"https:\/\/ksp.zary.pl\/?p=607"},"modified":"2024-02-04T21:10:04","modified_gmt":"2024-02-04T20:10:04","slug":"dzien-niepodleglosci","status":"publish","type":"post","link":"https:\/\/ksp.zary.pl\/index.php\/2023\/11\/12\/dzien-niepodleglosci\/","title":{"rendered":"Dzie\u0144 Niepodleg\u0142o\u015bci"},"content":{"rendered":"\n<p><\/p>\n\n\n\n<p>W Katolickiej Szkole Podstawowej odby\u0142y si\u0119 obchody Dnia Niepodleg\u0142o\u015bci. Uczniowie prezentowali pie\u015bni patriotyczne.<\/p>\n\n\n\n<p><a href=\"https:\/\/www.facebook.com\/kspzary\/posts\/pfbid069LNg1SuJtuhPZwcKmNDV1nNGJiMJ69Mi8ptwFb83tms7h9otQfayWVadM5yyfUEl\">https:\/\/www.facebook.com\/kspzary<\/a><\/p>\n","protected":false},"excerpt":{"rendered":"<p>W Katolickiej Szkole Podstawowej odby\u0142y si\u0119 obchody Dnia Niepodleg\u0142o\u015bci. Uczniowie prezentowali pie\u015bni patriotyczne. https:\/\/www.facebook.com\/kspzary<\/p>\n","protected":false},"author":1,"featured_media":565,"comment_status":"closed","ping_status":"closed","sticky":false,"template":"","format":"standard","meta":{"footnotes":""},"categories":[1],"tags":[],"class_list":["post-607","post","type-post","status-publish","format-standard","has-post-thumbnail","hentry","category-aktu"],"_links":{"self":[{"href":"https:\/\/ksp.zary.pl\/index.php\/wp-json\/wp\/v2\/posts\/607","targetHints":{"allow":["GET"]}}],"collection":[{"href":"https:\/\/ksp.zary.pl\/index.php\/wp-json\/wp\/v2\/posts"}],"about":[{"href":"https:\/\/ksp.zary.pl\/index.php\/wp-json\/wp\/v2\/types\/post"}],"author":[{"embeddable":true,"href":"https:\/\/ksp.zary.pl\/index.php\/wp-json\/wp\/v2\/users\/1"}],"replies":[{"embeddable":true,"href":"https:\/\/ksp.zary.pl\/index.php\/wp-json\/wp\/v2\/comments?post=607"}],"version-history":[{"count":1,"href":"https:\/\/ksp.zary.pl\/index.php\/wp-json\/wp\/v2\/posts\/607\/revisions"}],"predecessor-version":[{"id":608,"href":"https:\/\/ksp.zary.pl\/index.php\/wp-json\/wp\/v2\/posts\/607\/revisions\/608"}],"wp:featuredmedia":[{"embeddable":true,"href":"https:\/\/ksp.zary.pl\/index.php\/wp-json\/wp\/v2\/media\/565"}],"wp:attachment":[{"href":"https:\/\/ksp.zary.pl\/index.php\/wp-json\/wp\/v2\/media?parent=607"}],"wp:term":[{"taxonomy":"category","embeddable":true,"href":"https:\/\/ksp.zary.pl\/index.php\/wp-json\/wp\/v2\/categories?post=607"},{"taxonomy":"post_tag","embeddable":true,"href":"https:\/\/ksp.zary.pl\/index.php\/wp-json\/wp\/v2\/tags?post=607"}],"curies":[{"name":"wp","href":"https:\/\/api.w.org\/{rel}","templated":true}]}}